{"id":201,"date":"2018-02-23T12:25:29","date_gmt":"2018-02-23T11:25:29","guid":{"rendered":"http:\/\/conceptfactory.lu\/trendlounge\/?p=201"},"modified":"2018-02-26T14:07:51","modified_gmt":"2018-02-26T13:07:51","slug":"rgpd-le-compte-a-rebours-a-commence","status":"publish","type":"post","link":"https:\/\/conceptfactory.lu\/trendlounge\/rgpd-le-compte-a-rebours-a-commence\/","title":{"rendered":"RGPD\u00a0: le compte \u00e0 rebours a commenc\u00e9"},"content":{"rendered":"<p>RGPD, cela vous dit bien quelque chose\u00a0?<\/p>\n<p>Pour rappel, RGPD pour <strong>R<\/strong>\u00e8glement <strong>G<\/strong>\u00e9n\u00e9ral sur la <strong>P<\/strong>rotection des <strong>D<\/strong>onn\u00e9es\u00a0; autrement dit c\u2019est la nouvelle loi en mati\u00e8re de donn\u00e9es personnelles, qui va entrer en vigueur en mai 2018 dans toute l\u2019Europe. C\u2019est LE grand rdv de l\u00e9gislation 2018 pour les annonceurs, les agences et les entreprises g\u00e9rant des informations personnelles de leurs contacts d\u2019une fa\u00e7on g\u00e9n\u00e9rale.<\/p>\n<p>Ce nouveau r\u00e8glement vise une <strong>protection<\/strong> juridique uniforme, des <strong>r\u00e8gles<\/strong> uniformes et une <strong>application<\/strong> forte et coh\u00e9rente dans toute l&rsquo;Europe.<\/p>\n<p>Les nouvelles r\u00e8gles, applicables \u00e0 partir du 25 mai 2018, consistent \u00e0 donner aux citoyens plus de contr\u00f4le sur leurs donn\u00e9es personnelles, \u00e0 responsabiliser davantage les entreprises tout en r\u00e9duisant leurs charges d\u00e9claratives et \u00e0 renforcer le r\u00f4le des autorit\u00e9s de protection des donn\u00e9es tel que la CNPD.<\/p>\n<p>La CNPD (autre nom \u00e0 retenir\u00a0!) pour <strong>C<\/strong>ommission <strong>N<\/strong>ationale pour la <strong>P<\/strong>rotection des <strong>D<\/strong>onn\u00e9es, c\u2019est l\u2019autorit\u00e9 luxembourgeoise en mati\u00e8re de protection des donn\u00e9es, \u00e9quivalent \u00e0 la CNIL en France ou \u00e0 la Commission de la protection de la vie priv\u00e9e en Belgique.<\/p>\n<p>Avec le nouveau r\u00e8glement, le r\u00f4le de la CNPD est renforc\u00e9, avec la possibilit\u00e9 de donner des amendes en cas de non-respect du nouveau r\u00e8glement, en plus de mesures correctrices.<\/p>\n<p>C\u2019est donc du s\u00e9rieux\u00a0!<\/p>\n<p>Chez Concept Factory, nous connaissons le sujet, et plus particuli\u00e8rement ses implications dans le domaine du marketing direct et de la communication digitale. Nous nous engageons \u00e0 respecter la r\u00e9glementation en vigueur applicable au traitement de donn\u00e9es \u00e0 caract\u00e8re personnel et, en particulier, le r\u00e8glement (UE) 2016\/679 du Parlement europ\u00e9en et du Conseil du 27 avril 2016 applicable \u00e0 compter du 25 mai 2018. Concept Factory (ou \u00ab\u00a0<strong>sous-traitant du traitement\u00a0\u00bb <\/strong>comme on nous appelle dans la nouvelle loi) s\u2019engage \u00e0 :<\/p>\n<ol>\n<li>traiter les donn\u00e9es uniquement pour la ou les seule(s) finalit\u00e9(s) qui fait\/font l\u2019objet de la sous-traitance<\/li>\n<li>traiter les donn\u00e9es conform\u00e9ment aux instructions document\u00e9es du responsable de traitement<\/li>\n<li>garantir la confidentialit\u00e9 des donn\u00e9es \u00e0 caract\u00e8re personnel trait\u00e9es<\/li>\n<li>prendre en compte, s\u2019agissant de ses outils, applications ou services, les principes de protection des donn\u00e9es d\u00e8s la conception et de protection des donn\u00e9es par d\u00e9faut<\/li>\n<li>informer pr\u00e9alablement et par \u00e9crit le responsable de traitement de tout changement envisag\u00e9 concernant l\u2019ajout ou le remplacement d\u2019autres sous-traitants (sous-traitant ult\u00e9rieur). Cette sous-traitance ne peut \u00eatre effectu\u00e9e que si le responsable de traitement n&rsquo;a pas \u00e9mis d&rsquo;objection pendant le d\u00e9lai d\u2019un mois.<\/li>\n<li>adresser au responsable de traitement les demandes d\u2019exercice des droits des personnes concern\u00e9es : droit d\u2019acc\u00e8s, de rectification, d\u2019effacement et d\u2019opposition, droit \u00e0 la limitation du traitement, droit \u00e0 la portabilit\u00e9 des donn\u00e9es, droit de ne pas faire l\u2019objet d\u2019une d\u00e9cision individuelle automatis\u00e9e (y compris le profilage)<\/li>\n<li>notifier au responsable de traitement toute violation de donn\u00e9es \u00e0 caract\u00e8re personnel dans un d\u00e9lai maximum de 8 heures apr\u00e8s en avoir pris connaissance<\/li>\n<li>aider le responsable de traitement pour la r\u00e9alisation d\u2019analyses d\u2019impact relative \u00e0 la protection des donn\u00e9es (DPIA)<\/li>\n<li>d\u00e9truire toutes les donn\u00e9es \u00e0 caract\u00e8re personnel au terme de la prestation de services relatifs au traitement de ces donn\u00e9es<\/li>\n<\/ol>\n<p>Le client, lui, s&rsquo;engage \u00e0 respecter la r\u00e9glementation en vigueur applicable au traitement de donn\u00e9es \u00e0 caract\u00e8re personnel et, en particulier, le r\u00e8glement (UE) 2016\/679 du Parlement europ\u00e9en et du Conseil du 27 avril 2016 applicable \u00e0 compter du 25 mai 2018. Le client (ou \u00ab\u00a0<strong>responsable de traitement<\/strong> comme on l\u2019appelle dans la nouvelle loi) s\u2019engage \u00e0 :<\/p>\n<ol>\n<li>fournir \u00e0 Concept Factory les donn\u00e9es \u00e0 caract\u00e8re personnel strictement n\u00e9cessaire au bon fonctionnement du projet<\/li>\n<li>documenter par \u00e9crit toute instruction concernant le traitement des donn\u00e9es par Concept Factory<\/li>\n<li>veiller, au pr\u00e9alable et pendant toute la dur\u00e9e du traitement, au respect des obligations pr\u00e9vues par le r\u00e8glement europ\u00e9en sur la protection des donn\u00e9es de la part de Concept Factory<\/li>\n<li>superviser le traitement, y compris r\u00e9aliser les audits et les inspections aupr\u00e8s de Concept Factory<\/li>\n<li>fournir l\u2019information aux personnes concern\u00e9es par les op\u00e9rations de traitement au moment de la collecte des donn\u00e9es.<\/li>\n<\/ol>\n<p>Nous sommes \u00e0 votre disposition pour toute question relative \u00e0 l\u2019introduction du RGPD en lien avec le web, et nous nous ferons un plaisir de vous accompagner dans la mise en conformit\u00e9 du nouveau r\u00e8glement.<\/p>\n<p>Guillaume Henrottay\u00a0: <a href=\"mailto:ghenrottay@interact.lu\">ghenrottay@interact.lu<\/a><br \/>\nG\u00e9raldine Gij\u00a0: <a href=\"mailto:ggij@conceptfactory.lu\">ggij@conceptfactory.lu<\/a><\/p>\n","protected":false},"excerpt":{"rendered":"<p>RGPD, cela vous dit bien quelque chose\u00a0? Pour rappel, RGPD pour R\u00e8glement G\u00e9n\u00e9ral sur la Protection des Donn\u00e9es\u00a0; autrement dit c\u2019est la nouvelle loi en mati\u00e8re de donn\u00e9es personnelles, qui va entrer en vigueur en mai 2018 dans toute l\u2019Europe. C\u2019est LE grand rdv de l\u00e9gislation 2018 pour les annonceurs, les agences et les entreprises g\u00e9rant des informations personnelles de leurs contacts d\u2019une fa\u00e7on g\u00e9n\u00e9rale. Ce nouveau r\u00e8glement vise une protection juridique uniforme, des r\u00e8gles&#8230;<\/p>\n","protected":false},"author":11,"featured_media":203,"comment_status":"open","ping_status":"open","sticky":false,"template":"","format":"standard","meta":{"footnotes":""},"categories":[20,26],"tags":[],"_links":{"self":[{"href":"https:\/\/conceptfactory.lu\/trendlounge\/wp-json\/wp\/v2\/posts\/201"}],"collection":[{"href":"https:\/\/conceptfactory.lu\/trendlounge\/wp-json\/wp\/v2\/posts"}],"about":[{"href":"https:\/\/conceptfactory.lu\/trendlounge\/wp-json\/wp\/v2\/types\/post"}],"author":[{"embeddable":true,"href":"https:\/\/conceptfactory.lu\/trendlounge\/wp-json\/wp\/v2\/users\/11"}],"replies":[{"embeddable":true,"href":"https:\/\/conceptfactory.lu\/trendlounge\/wp-json\/wp\/v2\/comments?post=201"}],"version-history":[{"count":2,"href":"https:\/\/conceptfactory.lu\/trendlounge\/wp-json\/wp\/v2\/posts\/201\/revisions"}],"predecessor-version":[{"id":204,"href":"https:\/\/conceptfactory.lu\/trendlounge\/wp-json\/wp\/v2\/posts\/201\/revisions\/204"}],"wp:featuredmedia":[{"embeddable":true,"href":"https:\/\/conceptfactory.lu\/trendlounge\/wp-json\/wp\/v2\/media\/203"}],"wp:attachment":[{"href":"https:\/\/conceptfactory.lu\/trendlounge\/wp-json\/wp\/v2\/media?parent=201"}],"wp:term":[{"taxonomy":"category","embeddable":true,"href":"https:\/\/conceptfactory.lu\/trendlounge\/wp-json\/wp\/v2\/categories?post=201"},{"taxonomy":"post_tag","embeddable":true,"href":"https:\/\/conceptfactory.lu\/trendlounge\/wp-json\/wp\/v2\/tags?post=201"}],"curies":[{"name":"wp","href":"https:\/\/api.w.org\/{rel}","templated":true}]}}