{"id":18,"date":"2017-05-08T11:39:01","date_gmt":"2017-05-08T09:39:01","guid":{"rendered":"http:\/\/conceptfactory.lu\/trendlounge\/?p=18"},"modified":"2018-02-26T17:08:26","modified_gmt":"2018-02-26T16:08:26","slug":"guerre-des-stories-instagram-2-snapchat-0","status":"publish","type":"post","link":"https:\/\/conceptfactory.lu\/trendlounge\/guerre-des-stories-instagram-2-snapchat-0\/","title":{"rendered":"Guerre des Stories : Instagram 2 \u2013 Snapchat 0 !"},"content":{"rendered":"<p><em>Une nouvelle bataille dans la \u00ab Guerre des Stories \u00bb vient d\u2019\u00eatre remport\u00e9e par Instagram. En effet, Instagram Stories vient de d\u00e9passer Snapchat en nombre d\u2019utilisateurs. La nouvelle fonctionnalit\u00e9 lanc\u00e9e en Ao\u00fbt 2016 vient de d\u00e9passer la barre symbolique des 200 millions d\u2019utilisateurs\u2026\u00a0<a href=\"https:\/\/www.webmarketing-com.com\/2017\/04\/21\/58638-guerre-des-stories-instagram-2-snapchat-0\" target=\"_blank\" rel=\"noopener noreferrer\">Lire la suite<\/a><br \/>\n<\/em><\/p>\n<p>Source :\u00a0<strong>Matthieu Cogny<\/strong><\/p>\n<hr \/>\n<h4>La vision de St\u00e9phie VDM sur l&rsquo;article de Matthieu Cogny<\/h4>\n<p>Snapchat en \u00e9tait le pr\u00e9curseur. Instagram en \u00e9tait le challenger, Facebook le follower. Oui, nous parlons bien s\u00fbr des \u00ab Stories \u00bb, les fameuses Stories !<\/p>\n<p>Eph\u00e9m\u00e8res, mobile only, elles ne sont accessibles et visibles pendant 24 petites heures seulement. Leurs auteurs y publient aussi bien des photos que des vid\u00e9os, les agr\u00e9mentent de filtres, d\u2019Emoji ou encore de stickers. Dans notre soci\u00e9t\u00e9 ultra connect\u00e9e, c\u2019est finalement partager vos meilleurs moments de la journ\u00e9e (ou pas) avec vos meilleurs amis (ou pas).<\/p>\n<p>N\u00e9es en 2013 sur Snapchat, elles ont eu un succ\u00e8s ph\u00e9nom\u00e9nal, notamment aupr\u00e8s de la g\u00e9n\u00e9ration Millennials et Gen Z. Cette fulgurante ascension dans l\u2019univers social media n\u2019a bien \u00e9videmment pas \u00e9chapp\u00e9 au g\u00e9ant Facebook.<\/p>\n<p>Le march\u00e9 se concurrence tout de suite.<\/p>\n<ul>\n<li>Ao\u00fbt 2016 : Facebook lance les stories sur Instagram.<\/li>\n<li>F\u00e9vrier 2017 : Facebook lance les statuts sur WhatsApp.<\/li>\n<li>Mars 2017 : Facebook adapte les stories avec les \u00ab Journ\u00e9es partag\u00e9es \u00bb sur Facebook, et bien s\u00fbr : ces journ\u00e9es (comme les statuts WhatsApp) reposent exactement sur le m\u00eame principe.<\/li>\n<\/ul>\n<h4>R\u00e9sultats des courses ?<\/h4>\n<p>En seulement 9 mois d\u2019activit\u00e9, Instagram Stories vient de d\u00e9passer Snapchat en nombre d\u2019utilisateurs. La gu\u00e9rilla est lanc\u00e9e. Quid de la propri\u00e9t\u00e9 intellectuelle ? Une chose est certaine : Snapchat ne laissera certainement pas ce copier-coller exister sans une r\u00e9ponse redoublant d\u2019hargne et d\u2019ing\u00e9niosit\u00e9.<\/p>\n<p>Notre prochain pronostic : Instagram 2. Snapchat 4.<\/p>\n<p>Et vous ?<\/p>\n","protected":false},"excerpt":{"rendered":"<p>Une nouvelle bataille dans la \u00ab Guerre des Stories \u00bb vient d\u2019\u00eatre remport\u00e9e par Instagram. En effet, Instagram Stories vient de d\u00e9passer Snapchat en nombre d\u2019utilisateurs. La nouvelle fonctionnalit\u00e9 lanc\u00e9e en Ao\u00fbt 2016 vient de d\u00e9passer la barre symbolique des 200 millions d\u2019utilisateurs\u2026\u00a0Lire la suite Source :\u00a0Matthieu Cogny La vision de St\u00e9phie VDM sur l&rsquo;article de Matthieu Cogny Snapchat en \u00e9tait le pr\u00e9curseur. Instagram en \u00e9tait le challenger, Facebook le follower. Oui, nous parlons bien&#8230;<\/p>\n","protected":false},"author":2,"featured_media":74,"comment_status":"open","ping_status":"open","sticky":false,"template":"","format":"standard","meta":{"footnotes":""},"categories":[6,3,4],"tags":[],"_links":{"self":[{"href":"https:\/\/conceptfactory.lu\/trendlounge\/wp-json\/wp\/v2\/posts\/18"}],"collection":[{"href":"https:\/\/conceptfactory.lu\/trendlounge\/wp-json\/wp\/v2\/posts"}],"about":[{"href":"https:\/\/conceptfactory.lu\/trendlounge\/wp-json\/wp\/v2\/types\/post"}],"author":[{"embeddable":true,"href":"https:\/\/conceptfactory.lu\/trendlounge\/wp-json\/wp\/v2\/users\/2"}],"replies":[{"embeddable":true,"href":"https:\/\/conceptfactory.lu\/trendlounge\/wp-json\/wp\/v2\/comments?post=18"}],"version-history":[{"count":16,"href":"https:\/\/conceptfactory.lu\/trendlounge\/wp-json\/wp\/v2\/posts\/18\/revisions"}],"predecessor-version":[{"id":217,"href":"https:\/\/conceptfactory.lu\/trendlounge\/wp-json\/wp\/v2\/posts\/18\/revisions\/217"}],"wp:featuredmedia":[{"embeddable":true,"href":"https:\/\/conceptfactory.lu\/trendlounge\/wp-json\/wp\/v2\/media\/74"}],"wp:attachment":[{"href":"https:\/\/conceptfactory.lu\/trendlounge\/wp-json\/wp\/v2\/media?parent=18"}],"wp:term":[{"taxonomy":"category","embeddable":true,"href":"https:\/\/conceptfactory.lu\/trendlounge\/wp-json\/wp\/v2\/categories?post=18"},{"taxonomy":"post_tag","embeddable":true,"href":"https:\/\/conceptfactory.lu\/trendlounge\/wp-json\/wp\/v2\/tags?post=18"}],"curies":[{"name":"wp","href":"https:\/\/api.w.org\/{rel}","templated":true}]}}