{"id":175,"date":"2018-01-03T12:53:25","date_gmt":"2018-01-03T11:53:25","guid":{"rendered":"http:\/\/conceptfactory.lu\/trendlounge\/?p=175"},"modified":"2018-02-26T16:16:36","modified_gmt":"2018-02-26T15:16:36","slug":"story-laffaire-de-tous","status":"publish","type":"post","link":"https:\/\/conceptfactory.lu\/trendlounge\/story-laffaire-de-tous\/","title":{"rendered":"Story, l\u2019affaire de tous"},"content":{"rendered":"<h3>Les stories sont aujourd\u2019hui la pr\u00e9occupation de toutes les plateformes sociales.<\/h3>\n<p>Rappelez-vous. Cr\u00e9\u00e9es par Snapchat en 2013, elles d\u00e9barquent 3 ans plus tard sur Instagram qui en fait rapidement l\u2019un de ses atouts. Ses statistiques vont m\u00eame surpasser et de loin celles de leur cr\u00e9ateur. En effet, marques et particuliers y trouvent leurs comptes : ils gagnent davantage en visibilit\u00e9. Non pas seulement gr\u00e2ce \u00e0 leur position en haut de page et dans la timeline utilisateur, mais aussi gr\u00e2ce aux possibilit\u00e9s d\u2019ajouter un hashtag, une g\u00e9olocalisation, ou encore de taguer un ami !<br \/>\nEt depuis peu, les Stories Instagram sont m\u00eame accessibles depuis un ordinateur.<br \/>\nAvec cette panoplie de fonctionnalit\u00e9s, il est difficile pour l\u2019utilisateur de passer \u00e0 c\u00f4t\u00e9.<\/p>\n<p>Les filtres sont m\u00eame plus sympas sur la plateforme d\u2019images pour ajouter un peu d\u2019originalit\u00e9 aux messages.<\/p>\n<p><img decoding=\"async\" loading=\"lazy\" class=\"alignnone wp-image-181 size-full\" src=\"http:\/\/conceptfactory.lu\/trendlounge\/wp-content\/uploads\/2018\/01\/visual-article-storylaffairedetous.jpg\" alt=\"Les stickers de Thanksgiving et No\u00ebl\" width=\"1275\" height=\"562\" srcset=\"https:\/\/conceptfactory.lu\/trendlounge\/wp-content\/uploads\/2018\/01\/visual-article-storylaffairedetous.jpg 1275w, https:\/\/conceptfactory.lu\/trendlounge\/wp-content\/uploads\/2018\/01\/visual-article-storylaffairedetous-300x132.jpg 300w, https:\/\/conceptfactory.lu\/trendlounge\/wp-content\/uploads\/2018\/01\/visual-article-storylaffairedetous-768x339.jpg 768w, https:\/\/conceptfactory.lu\/trendlounge\/wp-content\/uploads\/2018\/01\/visual-article-storylaffairedetous-1024x451.jpg 1024w, https:\/\/conceptfactory.lu\/trendlounge\/wp-content\/uploads\/2018\/01\/visual-article-storylaffairedetous-1260x555.jpg 1260w, https:\/\/conceptfactory.lu\/trendlounge\/wp-content\/uploads\/2018\/01\/visual-article-storylaffairedetous-960x423.jpg 960w, https:\/\/conceptfactory.lu\/trendlounge\/wp-content\/uploads\/2018\/01\/visual-article-storylaffairedetous-787x347.jpg 787w, https:\/\/conceptfactory.lu\/trendlounge\/wp-content\/uploads\/2018\/01\/visual-article-storylaffairedetous-400x176.jpg 400w\" sizes=\"(max-width: 1275px) 100vw, 1275px\" \/><\/p>\n<p style=\"text-align: center;\"><em>Les stickers de No\u00ebl et Thanksgiving <\/em><\/p>\n<p>L\u00e0 o\u00f9 Snapchat sauve l\u2019honneur, c\u2019est qu\u2019il est offert \u00e0 tous la possibilit\u00e9 d\u2019ins\u00e9rer un lien \u00e0 ses stories afin de rediriger l\u2019utilisateur vers un site web. Instagram n\u2019offre cette possibilit\u00e9 qu\u2019\u00e0 certaines personnes telles que les influenceurs.<\/p>\n<h3>Et la rivalit\u00e9 ne fait que s\u2019agrandir, puisqu\u2019un grand, un g\u00e9ant, vient s\u2019immiscer de plus en plus dans la bataille : Facebook.<\/h3>\n<p>Les Stories ont d\u00e9j\u00e0 fait leur entr\u00e9e sur le r\u00e9seau en mars 2017, mais sont rest\u00e9es plut\u00f4t discr\u00e8tes. Mais cela va changer car Facebook souhaite \u00e0 son tour miser sur le succ\u00e8s des stories.<br \/>\nLe r\u00e9seau social facilite d\u00e9j\u00e0 le partage entre ses diff\u00e9rentes applications, Instagram et Messenger qui comptabilisent d\u00e9j\u00e0 2,1 milliards d\u2019utilisateurs. Nul doute qu\u2019elles vont rapidement acqu\u00e9rir de plus en plus d\u2019importance sur le r\u00e9seau car elles vont int\u00e9grer prochainement les groupes, auxquels Mark Zuckerberg apporte une attention particuli\u00e8re depuis ces derniers mois, mais aussi les pages et \u00e9v\u00e9nements !<br \/>\nElles vont ainsi permettre aux utilisateurs, particuliers comme marques, de partager des stories collaboratives ou de partager des moments autour d\u2019un \u00e9v\u00e9nement. Elles ne seront pas visibles uniquement par les amis ou fans, mais par tous les membres !<br \/>\nEt pas de panique, Facebook fait bien les choses, le tout reste param\u00e9trable par les administrateurs qui seront en mesure de supprimer un contenu \u00e0 tout moment si celui-ci n\u2019est pas appropri\u00e9.<\/p>\n<p>Dans la foul\u00e9e, c\u2019est aussi YouTube, autre grosse pointure, qui int\u00e8gre les stories \u00e0 sa plateforme\u2026<\/p>\n<h3>Vous l\u2019avez compris, les Stories, c\u2019est du s\u00e9rieux !<\/h3>\n<p>Non seulement elles apportent davantage de visibilit\u00e9 mais elles offrent aussi un nouveau moyen de communiquer aupr\u00e8s de sa cible et permettent de recourir \u00e0 sa cr\u00e9ativit\u00e9. Disponibles 24h, c\u2019est un moyen id\u00e9al pour communiquer sans surcharger sa page tel que d\u00e9voiler ses coulisses, mettre en avant une promotion, une actualit\u00e9, annoncer une sortie produit ou encore un jeu concours. Et depuis le 6 d\u00e9cembre 2017, Instagram permet de mettre une story \u00ab \u00e0 la une \u00bb et de la garder affich\u00e9e en haut de son profil jusqu\u2019\u00e0 bon nous semble.<br \/>\nLes entreprises ont tout int\u00e9r\u00eat \u00e0 adopter une strat\u00e9gie \u00e9ditoriale sp\u00e9cifique pour ce format en plein essor ! A votre cr\u00e9ativit\u00e9 !<\/p>\n<p>Chez Concept Factory, notre d\u00e9partement Social Media s\u2019occupe de la cr\u00e9ation, conception et mise en place de campagnes, de la r\u00e9daction et l\u2019\u00e9laboration d\u2019un planning \u00e9ditorial adapt\u00e9 pour chaque canal, jusqu\u2019\u00e0 la cr\u00e9ation et l\u2019articulation d\u2019une strat\u00e9gie de communication social media.<\/p>\n<blockquote><p>Nos experts \u00e9voluent au rythme des r\u00e9seaux sociaux et identifient les nouvelles opportunit\u00e9s afin de les proposer et les int\u00e9grer dans les strat\u00e9gies de communication de nos clients.<\/p><\/blockquote>\n","protected":false},"excerpt":{"rendered":"<p>Les stories sont aujourd\u2019hui la pr\u00e9occupation de toutes les plateformes sociales. Rappelez-vous. Cr\u00e9\u00e9es par Snapchat en 2013, elles d\u00e9barquent 3 ans plus tard sur Instagram qui en fait rapidement l\u2019un de ses atouts. Ses statistiques vont m\u00eame surpasser et de loin celles de leur cr\u00e9ateur. En effet, marques et particuliers y trouvent leurs comptes : ils gagnent davantage en visibilit\u00e9. Non pas seulement gr\u00e2ce \u00e0 leur position en haut de page et dans la timeline&#8230;<\/p>\n","protected":false},"author":9,"featured_media":176,"comment_status":"open","ping_status":"open","sticky":false,"template":"","format":"standard","meta":{"footnotes":""},"categories":[23,21,3,22],"tags":[],"_links":{"self":[{"href":"https:\/\/conceptfactory.lu\/trendlounge\/wp-json\/wp\/v2\/posts\/175"}],"collection":[{"href":"https:\/\/conceptfactory.lu\/trendlounge\/wp-json\/wp\/v2\/posts"}],"about":[{"href":"https:\/\/conceptfactory.lu\/trendlounge\/wp-json\/wp\/v2\/types\/post"}],"author":[{"embeddable":true,"href":"https:\/\/conceptfactory.lu\/trendlounge\/wp-json\/wp\/v2\/users\/9"}],"replies":[{"embeddable":true,"href":"https:\/\/conceptfactory.lu\/trendlounge\/wp-json\/wp\/v2\/comments?post=175"}],"version-history":[{"count":6,"href":"https:\/\/conceptfactory.lu\/trendlounge\/wp-json\/wp\/v2\/posts\/175\/revisions"}],"predecessor-version":[{"id":185,"href":"https:\/\/conceptfactory.lu\/trendlounge\/wp-json\/wp\/v2\/posts\/175\/revisions\/185"}],"wp:featuredmedia":[{"embeddable":true,"href":"https:\/\/conceptfactory.lu\/trendlounge\/wp-json\/wp\/v2\/media\/176"}],"wp:attachment":[{"href":"https:\/\/conceptfactory.lu\/trendlounge\/wp-json\/wp\/v2\/media?parent=175"}],"wp:term":[{"taxonomy":"category","embeddable":true,"href":"https:\/\/conceptfactory.lu\/trendlounge\/wp-json\/wp\/v2\/categories?post=175"},{"taxonomy":"post_tag","embeddable":true,"href":"https:\/\/conceptfactory.lu\/trendlounge\/wp-json\/wp\/v2\/tags?post=175"}],"curies":[{"name":"wp","href":"https:\/\/api.w.org\/{rel}","templated":true}]}}